{"id":3522,"date":"2021-06-15T18:15:47","date_gmt":"2021-06-15T21:15:47","guid":{"rendered":"http:\/\/fundacionpotenciar.org\/wp\/?p=3522"},"modified":"2021-06-15T18:25:16","modified_gmt":"2021-06-15T21:25:16","slug":"plan-10-mil-llegaron-a-su-fin-los-tres-cursos-iniciados-en-esta-primera-parte-del-ano","status":"publish","type":"post","link":"https:\/\/fundacionpotenciar.org\/wp\/plan-10-mil-llegaron-a-su-fin-los-tres-cursos-iniciados-en-esta-primera-parte-del-ano\/","title":{"rendered":"Plan 10 Mil: llegaron a su fin los tres cursos iniciados en esta primera parte del a\u00f1o."},"content":{"rendered":"<div id=\"fb-root\"><\/div>\n\n<p>En el d\u00eda de hoy finaliz\u00f3 \u201cAyudante de cementaci\u00f3n\u201d, la tercera y \u00faltima capacitaci\u00f3n dictada desde Potenciar Educaci\u00f3n Superior en el marco del Plan 10 Mil en esta primera parte del a\u00f1o.<\/p>\n\n\n\n<p>En el mes de junio finalizaron las tres capacitaciones que Fundaci\u00f3n Potenciar llev\u00f3 adelante como Unidad Capacitadora del Plan 10 Mil, una iniciativa del Gobierno de la Provincia de Neuqu\u00e9n para capacitar a j\u00f3venes de 18 a 35 a\u00f1os de edad en diferentes oficios, a fin de ampliar las posibilidades de formaci\u00f3n y empleo.<\/p>\n\n\n\n<p>Entre los diferentes cursos de capacitaci\u00f3n (\u201cAyudante de Cementaci\u00f3n\u201d, \u201cAyudante T\u00e9cnico en procesos de neum\u00e1tica\u201d y \u201cAyudante en mantenimiento y reparaci\u00f3n de v\u00e1lvulas industriales\u201d) se capacitaron un total de 114 j\u00f3venes de la provincia neuquina que, a partir de ahora, cuentan con nuevas herramientas para desenvolverse en el mundo laboral y profesional.<\/p>\n\n\n\n<p>Como Fundaci\u00f3n dedicada a fortalecer el desarrollo de las personas, nos alegra haber sido convocados nuevamente por el Centro PyMe AdeNeu, y nos enorgullece poder contribuir a la vida de m\u00e1s de un centenar de j\u00f3venes que buscan crecer y fortalecerse como personas y profesionales.<\/p>\n\n\n\n<figure class=\"wp-block-video\"><video height=\"720\" style=\"aspect-ratio: 1280 \/ 720;\" width=\"1280\" controls src=\"http:\/\/fundacionpotenciar.org\/wp\/wp-content\/uploads\/2021\/06\/CEMENTACION-1280x720-1.mp4\"><\/video><\/figure>\n\n\n\n<p><\/p>\n","protected":false},"excerpt":{"rendered":"<p>En el d\u00eda de hoy finaliz\u00f3 \u201cAyudante de cementaci\u00f3n\u201d, la tercera y \u00faltima capacitaci\u00f3n dictada desde Potenciar Educaci\u00f3n Superior en el marco del Plan 10 Mil en esta primera parte del a\u00f1o.<a class=\"moretag\" href=\"https:\/\/fundacionpotenciar.org\/wp\/plan-10-mil-llegaron-a-su-fin-los-tres-cursos-iniciados-en-esta-primera-parte-del-ano\/\">Leer m\u00e1s&#8230;<\/a><\/p>\n","protected":false},"author":5,"featured_media":3524,"comment_status":"open","ping_status":"open","sticky":false,"template":"","format":"standard","meta":{"footnotes":""},"categories":[7],"tags":[70,69,67],"class_list":["post-3522","post","type-post","status-publish","format-standard","has-post-thumbnail","hentry","category-novedades","tag-empleo","tag-formacion","tag-plan10mil"],"_links":{"self":[{"href":"https:\/\/fundacionpotenciar.org\/wp\/wp-json\/wp\/v2\/posts\/3522","targetHints":{"allow":["GET"]}}],"collection":[{"href":"https:\/\/fundacionpotenciar.org\/wp\/wp-json\/wp\/v2\/posts"}],"about":[{"href":"https:\/\/fundacionpotenciar.org\/wp\/wp-json\/wp\/v2\/types\/post"}],"author":[{"embeddable":true,"href":"https:\/\/fundacionpotenciar.org\/wp\/wp-json\/wp\/v2\/users\/5"}],"replies":[{"embeddable":true,"href":"https:\/\/fundacionpotenciar.org\/wp\/wp-json\/wp\/v2\/comments?post=3522"}],"version-history":[{"count":1,"href":"https:\/\/fundacionpotenciar.org\/wp\/wp-json\/wp\/v2\/posts\/3522\/revisions"}],"predecessor-version":[{"id":3525,"href":"https:\/\/fundacionpotenciar.org\/wp\/wp-json\/wp\/v2\/posts\/3522\/revisions\/3525"}],"wp:featuredmedia":[{"embeddable":true,"href":"https:\/\/fundacionpotenciar.org\/wp\/wp-json\/wp\/v2\/media\/3524"}],"wp:attachment":[{"href":"https:\/\/fundacionpotenciar.org\/wp\/wp-json\/wp\/v2\/media?parent=3522"}],"wp:term":[{"taxonomy":"category","embeddable":true,"href":"https:\/\/fundacionpotenciar.org\/wp\/wp-json\/wp\/v2\/categories?post=3522"},{"taxonomy":"post_tag","embeddable":true,"href":"https:\/\/fundacionpotenciar.org\/wp\/wp-json\/wp\/v2\/tags?post=3522"}],"curies":[{"name":"wp","href":"https:\/\/api.w.org\/{rel}","templated":true}]}}