{"id":2695,"date":"2020-10-19T11:41:46","date_gmt":"2020-10-19T14:41:46","guid":{"rendered":"http:\/\/fundacionpotenciar.org\/wp\/?p=2695"},"modified":"2020-10-19T11:42:36","modified_gmt":"2020-10-19T14:42:36","slug":"plan10mil-finalizo-el-programa-instalacion-de-split","status":"publish","type":"post","link":"https:\/\/fundacionpotenciar.org\/wp\/plan10mil-finalizo-el-programa-instalacion-de-split\/","title":{"rendered":"#Plan10Mil Finaliz\u00f3 el programa Instalaci\u00f3n de Split"},"content":{"rendered":"<div id=\"fb-root\"><\/div>\n\t\t<div data-elementor-type=\"wp-post\" data-elementor-id=\"2695\" class=\"elementor elementor-2695\">\n\t\t\t\t\t\t<section class=\"elementor-section elementor-top-section elementor-element elementor-element-21c7f0ee elementor-section-boxed elementor-section-height-default elementor-section-height-default\" data-id=\"21c7f0ee\" data-element_type=\"section\" data-e-type=\"section\">\n\t\t\t\t\t\t<div class=\"elementor-container elementor-column-gap-default\">\n\t\t\t\t\t<div class=\"elementor-column elementor-col-100 elementor-top-column elementor-element elementor-element-3119ee73\" data-id=\"3119ee73\" data-element_type=\"column\" data-e-type=\"column\">\n\t\t\t<div class=\"elementor-widget-wrap elementor-element-populated\">\n\t\t\t\t\t\t<div class=\"elementor-element elementor-element-5e07562d elementor-widget elementor-widget-text-editor\" data-id=\"5e07562d\" data-element_type=\"widget\" data-e-type=\"widget\" data-widget_type=\"text-editor.default\">\n\t\t\t\t<div class=\"elementor-widget-container\">\n\t\t\t\t\t\t\t\t\t\n<p>Hoy finalizamos con \u00e9xito el programa Instalaci\u00f3n de Split en el marco del Plan 10Mil. Potenciar Educaci\u00f3n Superior fue la UCAP responsable de dictarlo. Debido al contexto de la pandemia, el mismo fue dictado en formato online.<\/p>\n\n\n\n<p>El Plan 10 Mil es una iniciativa del gobierno provincial de Neuqu\u00e9n e impulsados por Centro Pyme Adeneu y Pan American Energy. El Plan ofrece capacitaciones gratuitas para j\u00f3venes, con el objetivo de incrementar las posibilidades de los participantes de ingresar al mercado<\/p>\n\n\n\n<p>Felicitamos a todos los j\u00f3venes que participaron por su compromiso y dedicaci\u00f3n. Agradecemos a Centro PyME-ADENEU y al Ministerio de Ni\u00f1ez, Adolescencia y Juventud de la Provincia de Neuqu\u00e9n por confiar en Fundaci\u00f3n Potenciar para llevar adelante esta iniciativa.<\/p>\n\t\t\t\t\t\t\t\t<\/div>\n\t\t\t\t<\/div>\n\t\t\t\t\t<\/div>\n\t\t<\/div>\n\t\t\t\t\t<\/div>\n\t\t<\/section>\n\t\t\t\t<section class=\"elementor-section elementor-top-section elementor-element elementor-element-bfab2e6 elementor-section-boxed elementor-section-height-default elementor-section-height-default\" data-id=\"bfab2e6\" data-element_type=\"section\" data-e-type=\"section\">\n\t\t\t\t\t\t<div class=\"elementor-container elementor-column-gap-default\">\n\t\t\t\t\t<div class=\"elementor-column elementor-col-100 elementor-top-column elementor-element elementor-element-a30fa98\" data-id=\"a30fa98\" data-element_type=\"column\" data-e-type=\"column\">\n\t\t\t<div class=\"elementor-widget-wrap elementor-element-populated\">\n\t\t\t\t\t\t<div class=\"elementor-element elementor-element-eb3f037 elementor-widget elementor-widget-video\" data-id=\"eb3f037\" data-element_type=\"widget\" data-e-type=\"widget\" data-settings=\"{&quot;youtube_url&quot;:&quot;https:\\\/\\\/youtu.be\\\/EOqY2tSh3E0&quot;,&quot;video_type&quot;:&quot;youtube&quot;,&quot;controls&quot;:&quot;yes&quot;}\" data-widget_type=\"video.default\">\n\t\t\t\t<div class=\"elementor-widget-container\">\n\t\t\t\t\t\t\t<div class=\"elementor-wrapper elementor-open-inline\">\n\t\t\t<div class=\"elementor-video\"><\/div>\t\t<\/div>\n\t\t\t\t\t\t<\/div>\n\t\t\t\t<\/div>\n\t\t\t\t\t<\/div>\n\t\t<\/div>\n\t\t\t\t\t<\/div>\n\t\t<\/section>\n\t\t\t\t<\/div>\n\t\t","protected":false},"excerpt":{"rendered":"<p>Hoy finalizamos con \u00e9xito el programa Instalaci\u00f3n de Split en el marco del Plan 10Mil. Potenciar Educaci\u00f3n Superior fue la UCAP responsable de dictarlo. Debido al contexto de la pandemia, el mismo<a class=\"moretag\" href=\"https:\/\/fundacionpotenciar.org\/wp\/plan10mil-finalizo-el-programa-instalacion-de-split\/\">Leer m\u00e1s&#8230;<\/a><\/p>\n","protected":false},"author":2,"featured_media":2696,"comment_status":"open","ping_status":"open","sticky":false,"template":"","format":"standard","meta":{"footnotes":""},"categories":[7],"tags":[],"class_list":["post-2695","post","type-post","status-publish","format-standard","has-post-thumbnail","hentry","category-novedades"],"_links":{"self":[{"href":"https:\/\/fundacionpotenciar.org\/wp\/wp-json\/wp\/v2\/posts\/2695","targetHints":{"allow":["GET"]}}],"collection":[{"href":"https:\/\/fundacionpotenciar.org\/wp\/wp-json\/wp\/v2\/posts"}],"about":[{"href":"https:\/\/fundacionpotenciar.org\/wp\/wp-json\/wp\/v2\/types\/post"}],"author":[{"embeddable":true,"href":"https:\/\/fundacionpotenciar.org\/wp\/wp-json\/wp\/v2\/users\/2"}],"replies":[{"embeddable":true,"href":"https:\/\/fundacionpotenciar.org\/wp\/wp-json\/wp\/v2\/comments?post=2695"}],"version-history":[{"count":2,"href":"https:\/\/fundacionpotenciar.org\/wp\/wp-json\/wp\/v2\/posts\/2695\/revisions"}],"predecessor-version":[{"id":2698,"href":"https:\/\/fundacionpotenciar.org\/wp\/wp-json\/wp\/v2\/posts\/2695\/revisions\/2698"}],"wp:featuredmedia":[{"embeddable":true,"href":"https:\/\/fundacionpotenciar.org\/wp\/wp-json\/wp\/v2\/media\/2696"}],"wp:attachment":[{"href":"https:\/\/fundacionpotenciar.org\/wp\/wp-json\/wp\/v2\/media?parent=2695"}],"wp:term":[{"taxonomy":"category","embeddable":true,"href":"https:\/\/fundacionpotenciar.org\/wp\/wp-json\/wp\/v2\/categories?post=2695"},{"taxonomy":"post_tag","embeddable":true,"href":"https:\/\/fundacionpotenciar.org\/wp\/wp-json\/wp\/v2\/tags?post=2695"}],"curies":[{"name":"wp","href":"https:\/\/api.w.org\/{rel}","templated":true}]}}