{"id":2690,"date":"2020-10-19T11:11:57","date_gmt":"2020-10-19T14:11:57","guid":{"rendered":"http:\/\/fundacionpotenciar.org\/wp\/?p=2690"},"modified":"2020-10-19T11:15:19","modified_gmt":"2020-10-19T14:15:19","slug":"plan10mil-finalizamos-la-capacitacion-operacion-de-almacenes","status":"publish","type":"post","link":"https:\/\/fundacionpotenciar.org\/wp\/plan10mil-finalizamos-la-capacitacion-operacion-de-almacenes\/","title":{"rendered":"#Plan10mil finalizamos la capacitaci\u00f3n OPERACI\u00d3N DE ALMACENES"},"content":{"rendered":"<div id=\"fb-root\"><\/div>\n\t\t<div data-elementor-type=\"wp-post\" data-elementor-id=\"2690\" class=\"elementor elementor-2690\">\n\t\t\t\t\t\t<section class=\"elementor-section elementor-top-section elementor-element elementor-element-15eece2b elementor-section-boxed elementor-section-height-default elementor-section-height-default\" data-id=\"15eece2b\" data-element_type=\"section\" data-e-type=\"section\">\n\t\t\t\t\t\t<div class=\"elementor-container elementor-column-gap-default\">\n\t\t\t\t\t<div class=\"elementor-column elementor-col-100 elementor-top-column elementor-element elementor-element-55f3773f\" data-id=\"55f3773f\" data-element_type=\"column\" data-e-type=\"column\">\n\t\t\t<div class=\"elementor-widget-wrap elementor-element-populated\">\n\t\t\t\t\t\t<div class=\"elementor-element elementor-element-61897bdc elementor-widget elementor-widget-text-editor\" data-id=\"61897bdc\" data-element_type=\"widget\" data-e-type=\"widget\" data-widget_type=\"text-editor.default\">\n\t\t\t\t<div class=\"elementor-widget-container\">\n\t\t\t\t\t\t\t\t\t\n<p>Hoy finalizamos con \u00e9xito la capacitaci\u00f3n Gratuita:<br>OPERACI\u00d3N DE ALMACENES en el marco del Plan 10Mil. Potenciar Educaci\u00f3n Superior fue la UCAP responsable de dictarlo.<\/p>\n\n\n\n<p>El Plan 10 Mil es una iniciativa del gobierno provincial de Neuqu\u00e9n e impulsados por Centro Pyme Adeneu y Pan American Energy. El Plan ofrece capacitaciones gratuitas para j\u00f3venes, con el objetivo de incrementar las posibilidades de los participantes de ingresar al mercado<\/p>\n\n\n\n<p>Felicitamos a todos los j\u00f3venes que participaron por su compromiso y dedicaci\u00f3n. Agradecemos a Centro PyME-ADENEU y al Ministerio de Ni\u00f1ez, Adolescencia y Juventud de la Provincia de Neuqu\u00e9n por confiar en Fundaci\u00f3n Potenciar para llevar adelante esta iniciativa.<\/p>\n\n\n\n<p>Compartimos un breve video.<\/p>\n\t\t\t\t\t\t\t\t<\/div>\n\t\t\t\t<\/div>\n\t\t\t\t\t<\/div>\n\t\t<\/div>\n\t\t\t\t\t<\/div>\n\t\t<\/section>\n\t\t\t\t<section class=\"elementor-section elementor-top-section elementor-element elementor-element-4a30717 elementor-section-boxed elementor-section-height-default elementor-section-height-default\" data-id=\"4a30717\" data-element_type=\"section\" data-e-type=\"section\">\n\t\t\t\t\t\t<div class=\"elementor-container elementor-column-gap-default\">\n\t\t\t\t\t<div class=\"elementor-column elementor-col-100 elementor-top-column elementor-element elementor-element-a6e0724\" data-id=\"a6e0724\" data-element_type=\"column\" data-e-type=\"column\">\n\t\t\t<div class=\"elementor-widget-wrap elementor-element-populated\">\n\t\t\t\t\t\t<div class=\"elementor-element elementor-element-161fddf elementor-widget elementor-widget-video\" data-id=\"161fddf\" data-element_type=\"widget\" data-e-type=\"widget\" data-settings=\"{&quot;youtube_url&quot;:&quot;https:\\\/\\\/youtu.be\\\/RSFfD4fcmSk&quot;,&quot;video_type&quot;:&quot;youtube&quot;,&quot;controls&quot;:&quot;yes&quot;}\" data-widget_type=\"video.default\">\n\t\t\t\t<div class=\"elementor-widget-container\">\n\t\t\t\t\t\t\t<div class=\"elementor-wrapper elementor-open-inline\">\n\t\t\t<div class=\"elementor-video\"><\/div>\t\t<\/div>\n\t\t\t\t\t\t<\/div>\n\t\t\t\t<\/div>\n\t\t\t\t\t<\/div>\n\t\t<\/div>\n\t\t\t\t\t<\/div>\n\t\t<\/section>\n\t\t\t\t<\/div>\n\t\t","protected":false},"excerpt":{"rendered":"<p>Hoy finalizamos con \u00e9xito la capacitaci\u00f3n Gratuita:OPERACI\u00d3N DE ALMACENES en el marco del Plan 10Mil. Potenciar Educaci\u00f3n Superior fue la UCAP responsable de dictarlo. El Plan 10 Mil es una iniciativa del<a class=\"moretag\" href=\"https:\/\/fundacionpotenciar.org\/wp\/plan10mil-finalizamos-la-capacitacion-operacion-de-almacenes\/\">Leer m\u00e1s&#8230;<\/a><\/p>\n","protected":false},"author":2,"featured_media":2691,"comment_status":"open","ping_status":"open","sticky":false,"template":"","format":"standard","meta":{"footnotes":""},"categories":[7],"tags":[],"class_list":["post-2690","post","type-post","status-publish","format-standard","has-post-thumbnail","hentry","category-novedades"],"_links":{"self":[{"href":"https:\/\/fundacionpotenciar.org\/wp\/wp-json\/wp\/v2\/posts\/2690","targetHints":{"allow":["GET"]}}],"collection":[{"href":"https:\/\/fundacionpotenciar.org\/wp\/wp-json\/wp\/v2\/posts"}],"about":[{"href":"https:\/\/fundacionpotenciar.org\/wp\/wp-json\/wp\/v2\/types\/post"}],"author":[{"embeddable":true,"href":"https:\/\/fundacionpotenciar.org\/wp\/wp-json\/wp\/v2\/users\/2"}],"replies":[{"embeddable":true,"href":"https:\/\/fundacionpotenciar.org\/wp\/wp-json\/wp\/v2\/comments?post=2690"}],"version-history":[{"count":3,"href":"https:\/\/fundacionpotenciar.org\/wp\/wp-json\/wp\/v2\/posts\/2690\/revisions"}],"predecessor-version":[{"id":2694,"href":"https:\/\/fundacionpotenciar.org\/wp\/wp-json\/wp\/v2\/posts\/2690\/revisions\/2694"}],"wp:featuredmedia":[{"embeddable":true,"href":"https:\/\/fundacionpotenciar.org\/wp\/wp-json\/wp\/v2\/media\/2691"}],"wp:attachment":[{"href":"https:\/\/fundacionpotenciar.org\/wp\/wp-json\/wp\/v2\/media?parent=2690"}],"wp:term":[{"taxonomy":"category","embeddable":true,"href":"https:\/\/fundacionpotenciar.org\/wp\/wp-json\/wp\/v2\/categories?post=2690"},{"taxonomy":"post_tag","embeddable":true,"href":"https:\/\/fundacionpotenciar.org\/wp\/wp-json\/wp\/v2\/tags?post=2690"}],"curies":[{"name":"wp","href":"https:\/\/api.w.org\/{rel}","templated":true}]}}